{"id":9311,"date":"2024-09-23T10:15:35","date_gmt":"2024-09-23T13:15:35","guid":{"rendered":"https:\/\/bluestudioexpress.estadao.com.br\/conteudo\/?p=9311"},"modified":"2024-09-23T10:16:44","modified_gmt":"2024-09-23T13:16:44","slug":"politicas-publicas-projeto-fornece-consultoria-gratuita-para-gestores-ligados-a-cultura","status":"publish","type":"post","link":"https:\/\/bluestudioexpress.estadao.com.br\/conteudo\/2024\/09\/23\/politicas-publicas-projeto-fornece-consultoria-gratuita-para-gestores-ligados-a-cultura\/","title":{"rendered":"Pol\u00edticas p\u00fablicas: projeto fornece consultoria gratuita para gestores ligados \u00e0 cultura"},"content":{"rendered":"<figure class=\"gh-styles-m__figureContainer\" style=\"float: undefined; text-align: center;\"><img loading=\"lazy\" decoding=\"async\" class=\"alignnone size-full wp-image-9385\" src=\"https:\/\/bluestudioexpress.estadao.com.br\/conteudo\/wp-content\/uploads\/2024\/09\/pexelsthgusstavo15645257-1.jpeg\" alt=\"\" width=\"1280\" height=\"853\" srcset=\"https:\/\/bluestudioexpress.estadao.com.br\/conteudo\/wp-content\/uploads\/2024\/09\/pexelsthgusstavo15645257-1.jpeg 1280w, https:\/\/bluestudioexpress.estadao.com.br\/conteudo\/wp-content\/uploads\/2024\/09\/pexelsthgusstavo15645257-1-300x200.jpeg 300w, https:\/\/bluestudioexpress.estadao.com.br\/conteudo\/wp-content\/uploads\/2024\/09\/pexelsthgusstavo15645257-1-768x512.jpeg 768w, https:\/\/bluestudioexpress.estadao.com.br\/conteudo\/wp-content\/uploads\/2024\/09\/pexelsthgusstavo15645257-1-1024x682.jpeg 1024w, https:\/\/bluestudioexpress.estadao.com.br\/conteudo\/wp-content\/uploads\/2024\/09\/pexelsthgusstavo15645257-1-710x473.jpeg 710w\" sizes=\"auto, (max-width: 1280px) 100vw, 1280px\" \/><figcaption class=\"gh-styles-m__figureContainer-caption\">Foto de Thgusstavo Santana no Pexels<\/figcaption><\/figure>\n<p>Como estrat\u00e9gias governamentais para atender \u00e0s necessidades da popula\u00e7\u00e3o e promover desenvolvimento sustent\u00e1vel, as pol\u00edticas p\u00fablicas podem ser criadas e implementadas em diversas frentes, como educa\u00e7\u00e3o, sa\u00fade e cultura.<\/p>\n<p>As pol\u00edticas p\u00fablicas s\u00e3o ferramentas para a implementa\u00e7\u00e3o de mudan\u00e7as na sociedade. Isso porque influenciam diretamente sobre onde e como os investimentos ser\u00e3o direcionados pelos governos e iniciativa privada.<\/p>\n<p>No Brasil, quando falamos em cultura, estamos falando sobre diversidade, tanto regional quanto social. E as a\u00e7\u00f5es governamentais t\u00eam papel essencial nesse contexto. Por meio delas, o governo pode definir diretrizes nacionais e levantar os investimentos necess\u00e1rios para os principais objetivos estabelecidos.<\/p>\n<h2><strong>Gest\u00e3o das pol\u00edticas p\u00fablicas na cultura<\/strong><\/h2>\n<p>No campo da cultura brasileira, as pol\u00edticas p\u00fablicas v\u00eam sendo estabelecidas para fomentar e proteger a diversidade cultural. O governo cria e desenvolve leis e programas com o objetivo de apoiar a produ\u00e7\u00e3o cultural, proteger o patrim\u00f4nio hist\u00f3rico e promover a inclus\u00e3o cultural.<\/p>\n<!-- In\u00edcio Banner 300x250 --><div class='dfp-tmeio1'><\/div><script type='text\/javascript'>DFP.renderHtml({ 'selector':'div.dfp-tmeio1', 'targets':{ 'formato':'tmeio1' }, 'screenmap':'Tile_300_250_T_250', 'force': true });<\/script><!-- Fim Banner 300x250 --> <p>Um dos exemplos \u00e9 a Lei Aldir Blanc, criada em 2020 como uma resposta da sociedade brasileira ao impacto da pandemia da Covid-19 no setor cultural. Em 2022, ela foi reformulada e instaurada a Pol\u00edtica Nacional Aldir Blanc de Fomento \u00e0 Cultura \u2013 PNAB (Lei n\u00ba 14.399\/2022) junto com a Lei Paulo Gustavo (Lei Complementar n\u00ba 195\/2022), como forma de incentivo para a execu\u00e7\u00e3o de a\u00e7\u00f5es e projetos culturais em todo o territ\u00f3rio nacional.<\/p>\n<p>Para que dirigentes municipais de cultura do Brasil pudessem operacionalizar a pol\u00edtica e a lei, foi criado o <a href=\"https:\/\/contato.sebraesp.com.br\/criepoliticaspublicas\/\" target=\"_blank\" rel=\"noopener\" data-type=\"LINK\"><strong><u>projeto Crie Pol\u00edticas P\u00fablicas<\/u><\/strong><\/a>, iniciativa do <a href=\"https:\/\/sebrae.com.br\/sites\/PortalSebrae\/polo-de-referencia-sebrae-em-economia-criativa,4be595374cc29810VgnVCM1000001b00320aRCRD#:~:text=O%20Polo%20de%20Refer%C3%AAncia%20Sebrae,econ%C3%B4mico%20e%20social%20do%20Brasil.\" target=\"_blank\" rel=\"noopener\" data-type=\"LINK\"><u>Polo de Refer\u00eancia Nacional em Economia Criativa<\/u><\/a>, do Sebrae-SP em parceria com o Sebrae Nacional, que promove um ambiente favor\u00e1vel para a implementa\u00e7\u00e3o de pol\u00edticas p\u00fablicas voltadas para os neg\u00f3cios criativos no Brasil.<\/p>\n<h2><strong>Crie pol\u00edticas p\u00fablicas<\/strong><\/h2>\n<p>O projeto, que conta com a execu\u00e7\u00e3o da empresa <a href=\"https:\/\/sistema.amecultura.com.br\/\" target=\"_blank\" rel=\"noopener\" data-type=\"LINK\"><u>AME Cultura<\/u><\/a>, \u00e9 voltado para gestores dos munic\u00edpios brasileiros ligados ao setor de cultura. Com ele, as gest\u00f5es t\u00eam acesso a consultorias t\u00e9cnicas personalizadas, mentorias individuais, coletivas e f\u00f3runs, de forma gratuita para os munic\u00edpios.<\/p>\n<p>Com esse suporte e conhecimento, os munic\u00edpios poder\u00e3o desenvolver mais a\u00e7\u00f5es locais voltadas \u00e0 cultura e ter\u00e3o mais possibilidades para promover a economia criativa como principal pilar do desenvolvimento econ\u00f4mico e social no pa\u00eds.<\/p>\n<p>E como o projeto Crie Pol\u00edticas P\u00fablicas funciona?<\/p>\n<h2><strong>Consultorias customizadas<\/strong><\/h2>\n<p>Foram selecionados 200 munic\u00edpios para atendimento remoto com 15 horas de dura\u00e7\u00e3o, divididos em 3 etapas: diagn\u00f3stico, plano de a\u00e7\u00e3o e acompanhamento, com instru\u00e7\u00f5es para o monitoramento dos projetos selecionados nos editais e para presta\u00e7\u00e3o de contas dos munic\u00edpios para o Governo Federal.<\/p>\n<h3><strong>Mentorias individuais<\/strong><\/h3>\n<p>As orienta\u00e7\u00f5es individuais est\u00e3o sendo marcadas conforme pedidos dos gestores. Ser\u00e3o oferecidas mil consultorias com dura\u00e7\u00e3o de uma hora cada para munic\u00edpios que j\u00e1 s\u00e3o clientes do Sebrae e desejem atendimento sobre a implementa\u00e7\u00e3o das leis de fomento \u00e0 cultura.<\/p>\n<h3><strong>Orienta\u00e7\u00f5es coletivas<\/strong><\/h3>\n<p>As orienta\u00e7\u00f5es coletivas t\u00eam dura\u00e7\u00e3o de duas horas e seguem um calend\u00e1rio mensal com temas espec\u00edficos e relevantes. O objetivo \u00e9 ajudar gestores p\u00fablicos de cultura a impulsionarem as a\u00e7\u00f5es municipais locais.<\/p>\n<h3><strong>F\u00f3runs presenciais e online<\/strong><\/h3>\n<p>Al\u00e9m disso, os dirigentes podem participar de f\u00f3runs para trocarem experi\u00eancias e participarem de discuss\u00f5es com especialistas e pessoas da gest\u00e3o p\u00fablica de outras esferas.<\/p>\n<p>O projeto ir\u00e1 durar at\u00e9 dezembro de 2024 e tem como principal objetivo promover resultados positivos na implementa\u00e7\u00e3o das pol\u00edticas p\u00fablicas do pa\u00eds.<\/p>\n<h2><strong>AME Cultura<\/strong><\/h2>\n<p>A AME Cultura nasceu em 2010, como uma produtora cultural para promover eventos no Sul de Minas Gerais.<\/p>\n<p>Com a crescente cria\u00e7\u00e3o e relev\u00e2ncia das pol\u00edticas p\u00fablicas na \u00e1rea da cultura no pa\u00eds, a AME passou a fornecer consultorias para prefeituras, ajudando-as no levantamento de verbas para projetos e a\u00e7\u00f5es culturais locais.<\/p>\n<p>De 2014 a 2021, a AME mudou o foco e intensificou seus atendimentos a prefeituras e patrim\u00f4nios culturais, oferecendo servi\u00e7os t\u00e9cnicos especializados e diversificando suas \u00e1reas de atua\u00e7\u00e3o dentro das pol\u00edticas p\u00fablicas culturais.<\/p>\n<p>Para saber mais sobre o projeto Crie Pol\u00edticas P\u00fablicas, acesse o site do <a href=\"https:\/\/contato.sebraesp.com.br\/criepoliticaspublicas\/\" target=\"_blank\" rel=\"noopener\" data-type=\"LINK\">CRIE<\/a>.<\/p>\n","protected":false},"excerpt":{"rendered":"<p>Iniciativa do Polo de Refer\u00eancia Nacional em Economia Criativa, do Sebrae-SP em parceria com o Sebrae Nacional atende todo o Brasil<\/p>\n","protected":false},"author":3,"featured_media":9385,"comment_status":"open","ping_status":"closed","sticky":false,"template":"","format":"standard","meta":{"_acf_changed":false,"footnotes":""},"categories":[8],"tags":[209],"class_list":["post-9311","post","type-post","status-publish","format-standard","has-post-thumbnail","hentry","category-negocios","tag-ame-cultura"],"acf":[],"yoast_head":"<!-- This site is optimized with the Yoast SEO plugin v24.1 - https:\/\/yoast.com\/wordpress\/plugins\/seo\/ -->\n<title>Pol\u00edticas p\u00fablicas: projeto fornece consultoria gratuita para gestores ligados \u00e0 cultura | Blue Studio Express<\/title>\n<meta name=\"description\" content=\"Iniciativa do Polo de Refer\u00eancia Nacional em Economia Criativa, do Sebrae-SP em parceria com o Sebrae Nacional atende todo o Brasil\" \/>\n<meta name=\"robots\" content=\"index, follow, max-snippet:-1, max-image-preview:large, max-video-preview:-1\" \/>\n<link rel=\"canonical\" href=\"https:\/\/bluestudioexpress.estadao.com.br\/conteudo\/2024\/09\/23\/politicas-publicas-projeto-fornece-consultoria-gratuita-para-gestores-ligados-a-cultura\/\" \/>\n<meta property=\"og:locale\" content=\"pt_BR\" \/>\n<meta property=\"og:type\" content=\"article\" \/>\n<meta property=\"og:title\" content=\"Pol\u00edticas p\u00fablicas: projeto fornece consultoria gratuita para gestores ligados \u00e0 cultura | Blue Studio Express\" \/>\n<meta property=\"og:description\" content=\"Iniciativa do Polo de Refer\u00eancia Nacional em Economia Criativa, do Sebrae-SP em parceria com o Sebrae Nacional atende todo o Brasil\" \/>\n<meta property=\"og:url\" content=\"https:\/\/bluestudioexpress.estadao.com.br\/conteudo\/2024\/09\/23\/politicas-publicas-projeto-fornece-consultoria-gratuita-para-gestores-ligados-a-cultura\/\" \/>\n<meta property=\"og:site_name\" content=\"Blue Studio Express\" \/>\n<meta property=\"article:published_time\" content=\"2024-09-23T13:15:35+00:00\" \/>\n<meta property=\"article:modified_time\" content=\"2024-09-23T13:16:44+00:00\" \/>\n<meta property=\"og:image\" content=\"https:\/\/bluestudioexpress.estadao.com.br\/conteudo\/wp-content\/uploads\/2024\/09\/pexelsthgusstavo15645257-1.jpeg\" \/>\n\t<meta property=\"og:image:width\" content=\"1280\" \/>\n\t<meta property=\"og:image:height\" content=\"853\" \/>\n\t<meta property=\"og:image:type\" content=\"image\/jpeg\" \/>\n<meta name=\"author\" content=\"Estad\u00e3o Blue Studio Express\" \/>\n<meta name=\"twitter:card\" content=\"summary_large_image\" \/>\n<meta name=\"twitter:label1\" content=\"Escrito por\" \/>\n\t<meta name=\"twitter:data1\" content=\"Estad\u00e3o Blue Studio Express\" \/>\n\t<meta name=\"twitter:label2\" content=\"Est. tempo de leitura\" \/>\n\t<meta name=\"twitter:data2\" content=\"4 minutos\" \/>\n<script type=\"application\/ld+json\" class=\"yoast-schema-graph\">{\"@context\":\"https:\/\/schema.org\",\"@graph\":[{\"@type\":\"WebPage\",\"@id\":\"https:\/\/bluestudioexpress.estadao.com.br\/conteudo\/2024\/09\/23\/politicas-publicas-projeto-fornece-consultoria-gratuita-para-gestores-ligados-a-cultura\/\",\"url\":\"https:\/\/bluestudioexpress.estadao.com.br\/conteudo\/2024\/09\/23\/politicas-publicas-projeto-fornece-consultoria-gratuita-para-gestores-ligados-a-cultura\/\",\"name\":\"Pol\u00edticas p\u00fablicas: projeto fornece consultoria gratuita para gestores ligados \u00e0 cultura | Blue Studio Express\",\"isPartOf\":{\"@id\":\"https:\/\/bluestudioexpress.estadao.com.br\/conteudo\/#website\"},\"primaryImageOfPage\":{\"@id\":\"https:\/\/bluestudioexpress.estadao.com.br\/conteudo\/2024\/09\/23\/politicas-publicas-projeto-fornece-consultoria-gratuita-para-gestores-ligados-a-cultura\/#primaryimage\"},\"image\":{\"@id\":\"https:\/\/bluestudioexpress.estadao.com.br\/conteudo\/2024\/09\/23\/politicas-publicas-projeto-fornece-consultoria-gratuita-para-gestores-ligados-a-cultura\/#primaryimage\"},\"thumbnailUrl\":\"https:\/\/bluestudioexpress.estadao.com.br\/conteudo\/wp-content\/uploads\/2024\/09\/pexelsthgusstavo15645257-1.jpeg\",\"datePublished\":\"2024-09-23T13:15:35+00:00\",\"dateModified\":\"2024-09-23T13:16:44+00:00\",\"author\":{\"@id\":\"https:\/\/bluestudioexpress.estadao.com.br\/conteudo\/#\/schema\/person\/be853092d40afd1b8888ddee21865a1b\"},\"description\":\"Iniciativa do Polo de Refer\u00eancia Nacional em Economia Criativa, do Sebrae-SP em parceria com o Sebrae Nacional atende todo o Brasil\",\"breadcrumb\":{\"@id\":\"https:\/\/bluestudioexpress.estadao.com.br\/conteudo\/2024\/09\/23\/politicas-publicas-projeto-fornece-consultoria-gratuita-para-gestores-ligados-a-cultura\/#breadcrumb\"},\"inLanguage\":\"pt-BR\",\"potentialAction\":[{\"@type\":\"ReadAction\",\"target\":[\"https:\/\/bluestudioexpress.estadao.com.br\/conteudo\/2024\/09\/23\/politicas-publicas-projeto-fornece-consultoria-gratuita-para-gestores-ligados-a-cultura\/\"]}]},{\"@type\":\"ImageObject\",\"inLanguage\":\"pt-BR\",\"@id\":\"https:\/\/bluestudioexpress.estadao.com.br\/conteudo\/2024\/09\/23\/politicas-publicas-projeto-fornece-consultoria-gratuita-para-gestores-ligados-a-cultura\/#primaryimage\",\"url\":\"https:\/\/bluestudioexpress.estadao.com.br\/conteudo\/wp-content\/uploads\/2024\/09\/pexelsthgusstavo15645257-1.jpeg\",\"contentUrl\":\"https:\/\/bluestudioexpress.estadao.com.br\/conteudo\/wp-content\/uploads\/2024\/09\/pexelsthgusstavo15645257-1.jpeg\",\"width\":1280,\"height\":853},{\"@type\":\"BreadcrumbList\",\"@id\":\"https:\/\/bluestudioexpress.estadao.com.br\/conteudo\/2024\/09\/23\/politicas-publicas-projeto-fornece-consultoria-gratuita-para-gestores-ligados-a-cultura\/#breadcrumb\",\"itemListElement\":[{\"@type\":\"ListItem\",\"position\":1,\"name\":\"In\u00edcio\",\"item\":\"https:\/\/bluestudioexpress.estadao.com.br\/conteudo\/\"},{\"@type\":\"ListItem\",\"position\":2,\"name\":\"Pol\u00edticas p\u00fablicas: projeto fornece consultoria gratuita para gestores ligados \u00e0 cultura\"}]},{\"@type\":\"WebSite\",\"@id\":\"https:\/\/bluestudioexpress.estadao.com.br\/conteudo\/#website\",\"url\":\"https:\/\/bluestudioexpress.estadao.com.br\/conteudo\/\",\"name\":\"Blue Studio Express\",\"description\":\"Conte\u00fado relevante produzido por quem entende do assunto\",\"potentialAction\":[{\"@type\":\"SearchAction\",\"target\":{\"@type\":\"EntryPoint\",\"urlTemplate\":\"https:\/\/bluestudioexpress.estadao.com.br\/conteudo\/?s={search_term_string}\"},\"query-input\":{\"@type\":\"PropertyValueSpecification\",\"valueRequired\":true,\"valueName\":\"search_term_string\"}}],\"inLanguage\":\"pt-BR\"},{\"@type\":\"Person\",\"@id\":\"https:\/\/bluestudioexpress.estadao.com.br\/conteudo\/#\/schema\/person\/be853092d40afd1b8888ddee21865a1b\",\"name\":\"Estad\u00e3o Blue Studio Express\",\"image\":{\"@type\":\"ImageObject\",\"inLanguage\":\"pt-BR\",\"@id\":\"https:\/\/bluestudioexpress.estadao.com.br\/conteudo\/#\/schema\/person\/image\/\",\"url\":\"https:\/\/secure.gravatar.com\/avatar\/196f334a3798a907d9263f7a01624df232b56dc4315bf278df7fcca47d35a19b?s=96&d=mm&r=g\",\"contentUrl\":\"https:\/\/secure.gravatar.com\/avatar\/196f334a3798a907d9263f7a01624df232b56dc4315bf278df7fcca47d35a19b?s=96&d=mm&r=g\",\"caption\":\"Estad\u00e3o Blue Studio Express\"},\"url\":\"https:\/\/bluestudioexpress.estadao.com.br\/conteudo\/author\/fabiolemos\/\"}]}<\/script>\n<!-- \/ Yoast SEO plugin. -->","yoast_head_json":{"title":"Pol\u00edticas p\u00fablicas: projeto fornece consultoria gratuita para gestores ligados \u00e0 cultura | Blue Studio Express","description":"Iniciativa do Polo de Refer\u00eancia Nacional em Economia Criativa, do Sebrae-SP em parceria com o Sebrae Nacional atende todo o Brasil","robots":{"index":"index","follow":"follow","max-snippet":"max-snippet:-1","max-image-preview":"max-image-preview:large","max-video-preview":"max-video-preview:-1"},"canonical":"https:\/\/bluestudioexpress.estadao.com.br\/conteudo\/2024\/09\/23\/politicas-publicas-projeto-fornece-consultoria-gratuita-para-gestores-ligados-a-cultura\/","og_locale":"pt_BR","og_type":"article","og_title":"Pol\u00edticas p\u00fablicas: projeto fornece consultoria gratuita para gestores ligados \u00e0 cultura | Blue Studio Express","og_description":"Iniciativa do Polo de Refer\u00eancia Nacional em Economia Criativa, do Sebrae-SP em parceria com o Sebrae Nacional atende todo o Brasil","og_url":"https:\/\/bluestudioexpress.estadao.com.br\/conteudo\/2024\/09\/23\/politicas-publicas-projeto-fornece-consultoria-gratuita-para-gestores-ligados-a-cultura\/","og_site_name":"Blue Studio Express","article_published_time":"2024-09-23T13:15:35+00:00","article_modified_time":"2024-09-23T13:16:44+00:00","og_image":[{"width":1280,"height":853,"url":"https:\/\/bluestudioexpress.estadao.com.br\/conteudo\/wp-content\/uploads\/2024\/09\/pexelsthgusstavo15645257-1.jpeg","type":"image\/jpeg"}],"author":"Estad\u00e3o Blue Studio Express","twitter_card":"summary_large_image","twitter_misc":{"Escrito por":"Estad\u00e3o Blue Studio Express","Est. tempo de leitura":"4 minutos"},"schema":{"@context":"https:\/\/schema.org","@graph":[{"@type":"WebPage","@id":"https:\/\/bluestudioexpress.estadao.com.br\/conteudo\/2024\/09\/23\/politicas-publicas-projeto-fornece-consultoria-gratuita-para-gestores-ligados-a-cultura\/","url":"https:\/\/bluestudioexpress.estadao.com.br\/conteudo\/2024\/09\/23\/politicas-publicas-projeto-fornece-consultoria-gratuita-para-gestores-ligados-a-cultura\/","name":"Pol\u00edticas p\u00fablicas: projeto fornece consultoria gratuita para gestores ligados \u00e0 cultura | Blue Studio Express","isPartOf":{"@id":"https:\/\/bluestudioexpress.estadao.com.br\/conteudo\/#website"},"primaryImageOfPage":{"@id":"https:\/\/bluestudioexpress.estadao.com.br\/conteudo\/2024\/09\/23\/politicas-publicas-projeto-fornece-consultoria-gratuita-para-gestores-ligados-a-cultura\/#primaryimage"},"image":{"@id":"https:\/\/bluestudioexpress.estadao.com.br\/conteudo\/2024\/09\/23\/politicas-publicas-projeto-fornece-consultoria-gratuita-para-gestores-ligados-a-cultura\/#primaryimage"},"thumbnailUrl":"https:\/\/bluestudioexpress.estadao.com.br\/conteudo\/wp-content\/uploads\/2024\/09\/pexelsthgusstavo15645257-1.jpeg","datePublished":"2024-09-23T13:15:35+00:00","dateModified":"2024-09-23T13:16:44+00:00","author":{"@id":"https:\/\/bluestudioexpress.estadao.com.br\/conteudo\/#\/schema\/person\/be853092d40afd1b8888ddee21865a1b"},"description":"Iniciativa do Polo de Refer\u00eancia Nacional em Economia Criativa, do Sebrae-SP em parceria com o Sebrae Nacional atende todo o Brasil","breadcrumb":{"@id":"https:\/\/bluestudioexpress.estadao.com.br\/conteudo\/2024\/09\/23\/politicas-publicas-projeto-fornece-consultoria-gratuita-para-gestores-ligados-a-cultura\/#breadcrumb"},"inLanguage":"pt-BR","potentialAction":[{"@type":"ReadAction","target":["https:\/\/bluestudioexpress.estadao.com.br\/conteudo\/2024\/09\/23\/politicas-publicas-projeto-fornece-consultoria-gratuita-para-gestores-ligados-a-cultura\/"]}]},{"@type":"ImageObject","inLanguage":"pt-BR","@id":"https:\/\/bluestudioexpress.estadao.com.br\/conteudo\/2024\/09\/23\/politicas-publicas-projeto-fornece-consultoria-gratuita-para-gestores-ligados-a-cultura\/#primaryimage","url":"https:\/\/bluestudioexpress.estadao.com.br\/conteudo\/wp-content\/uploads\/2024\/09\/pexelsthgusstavo15645257-1.jpeg","contentUrl":"https:\/\/bluestudioexpress.estadao.com.br\/conteudo\/wp-content\/uploads\/2024\/09\/pexelsthgusstavo15645257-1.jpeg","width":1280,"height":853},{"@type":"BreadcrumbList","@id":"https:\/\/bluestudioexpress.estadao.com.br\/conteudo\/2024\/09\/23\/politicas-publicas-projeto-fornece-consultoria-gratuita-para-gestores-ligados-a-cultura\/#breadcrumb","itemListElement":[{"@type":"ListItem","position":1,"name":"In\u00edcio","item":"https:\/\/bluestudioexpress.estadao.com.br\/conteudo\/"},{"@type":"ListItem","position":2,"name":"Pol\u00edticas p\u00fablicas: projeto fornece consultoria gratuita para gestores ligados \u00e0 cultura"}]},{"@type":"WebSite","@id":"https:\/\/bluestudioexpress.estadao.com.br\/conteudo\/#website","url":"https:\/\/bluestudioexpress.estadao.com.br\/conteudo\/","name":"Blue Studio Express","description":"Conte\u00fado relevante produzido por quem entende do assunto","potentialAction":[{"@type":"SearchAction","target":{"@type":"EntryPoint","urlTemplate":"https:\/\/bluestudioexpress.estadao.com.br\/conteudo\/?s={search_term_string}"},"query-input":{"@type":"PropertyValueSpecification","valueRequired":true,"valueName":"search_term_string"}}],"inLanguage":"pt-BR"},{"@type":"Person","@id":"https:\/\/bluestudioexpress.estadao.com.br\/conteudo\/#\/schema\/person\/be853092d40afd1b8888ddee21865a1b","name":"Estad\u00e3o Blue Studio Express","image":{"@type":"ImageObject","inLanguage":"pt-BR","@id":"https:\/\/bluestudioexpress.estadao.com.br\/conteudo\/#\/schema\/person\/image\/","url":"https:\/\/secure.gravatar.com\/avatar\/196f334a3798a907d9263f7a01624df232b56dc4315bf278df7fcca47d35a19b?s=96&d=mm&r=g","contentUrl":"https:\/\/secure.gravatar.com\/avatar\/196f334a3798a907d9263f7a01624df232b56dc4315bf278df7fcca47d35a19b?s=96&d=mm&r=g","caption":"Estad\u00e3o Blue Studio Express"},"url":"https:\/\/bluestudioexpress.estadao.com.br\/conteudo\/author\/fabiolemos\/"}]}},"_links":{"self":[{"href":"https:\/\/bluestudioexpress.estadao.com.br\/conteudo\/wp-json\/wp\/v2\/posts\/9311","targetHints":{"allow":["GET"]}}],"collection":[{"href":"https:\/\/bluestudioexpress.estadao.com.br\/conteudo\/wp-json\/wp\/v2\/posts"}],"about":[{"href":"https:\/\/bluestudioexpress.estadao.com.br\/conteudo\/wp-json\/wp\/v2\/types\/post"}],"author":[{"embeddable":true,"href":"https:\/\/bluestudioexpress.estadao.com.br\/conteudo\/wp-json\/wp\/v2\/users\/3"}],"replies":[{"embeddable":true,"href":"https:\/\/bluestudioexpress.estadao.com.br\/conteudo\/wp-json\/wp\/v2\/comments?post=9311"}],"version-history":[{"count":6,"href":"https:\/\/bluestudioexpress.estadao.com.br\/conteudo\/wp-json\/wp\/v2\/posts\/9311\/revisions"}],"predecessor-version":[{"id":9388,"href":"https:\/\/bluestudioexpress.estadao.com.br\/conteudo\/wp-json\/wp\/v2\/posts\/9311\/revisions\/9388"}],"wp:featuredmedia":[{"embeddable":true,"href":"https:\/\/bluestudioexpress.estadao.com.br\/conteudo\/wp-json\/wp\/v2\/media\/9385"}],"wp:attachment":[{"href":"https:\/\/bluestudioexpress.estadao.com.br\/conteudo\/wp-json\/wp\/v2\/media?parent=9311"}],"wp:term":[{"taxonomy":"category","embeddable":true,"href":"https:\/\/bluestudioexpress.estadao.com.br\/conteudo\/wp-json\/wp\/v2\/categories?post=9311"},{"taxonomy":"post_tag","embeddable":true,"href":"https:\/\/bluestudioexpress.estadao.com.br\/conteudo\/wp-json\/wp\/v2\/tags?post=9311"}],"curies":[{"name":"wp","href":"https:\/\/api.w.org\/{rel}","templated":true}]}}