{"id":12360,"date":"2026-03-04T12:17:47","date_gmt":"2026-03-04T15:17:47","guid":{"rendered":"https:\/\/bluestudioexpress.estadao.com.br\/conteudo\/?p=12360"},"modified":"2026-03-04T12:17:47","modified_gmt":"2026-03-04T15:17:47","slug":"leilao-terreno-historico-sao-jose-dos-campos","status":"publish","type":"post","link":"https:\/\/bluestudioexpress.estadao.com.br\/conteudo\/2026\/03\/04\/leilao-terreno-historico-sao-jose-dos-campos\/","title":{"rendered":"Leil\u00e3o de \u00e1rea hist\u00f3rica traz boa oportunidade no interior de S\u00e3o Paulo"},"content":{"rendered":"<p><em>Terreno em S\u00e3o Jos\u00e9 dos Campos com mais de 521 mil metros quadrados abriga em uma parte estruturas que pertenceram a tradicional tecelagem Parahyba.<\/em><\/p>\n<div id=\"attachment_12361\" style=\"width: 1010px\" class=\"wp-caption aligncenter\"><img loading=\"lazy\" decoding=\"async\" aria-describedby=\"caption-attachment-12361\" class=\"size-full wp-image-12361\" src=\"https:\/\/bluestudioexpress.estadao.com.br\/conteudo\/wp-content\/uploads\/2026\/03\/leilao-terreno-tecelagem-parahyba-sao-jose-dos-campos.jpg\" alt=\"Terreno de 521 mil m\u00b2 com estruturas da antiga Tecelagem Parahyba em S\u00e3o Jos\u00e9 dos Campos que ser\u00e1 leiloado pela Sodr\u00e9 Santoro.\" width=\"1000\" height=\"667\" srcset=\"https:\/\/bluestudioexpress.estadao.com.br\/conteudo\/wp-content\/uploads\/2026\/03\/leilao-terreno-tecelagem-parahyba-sao-jose-dos-campos.jpg 1000w, https:\/\/bluestudioexpress.estadao.com.br\/conteudo\/wp-content\/uploads\/2026\/03\/leilao-terreno-tecelagem-parahyba-sao-jose-dos-campos-300x200.jpg 300w, https:\/\/bluestudioexpress.estadao.com.br\/conteudo\/wp-content\/uploads\/2026\/03\/leilao-terreno-tecelagem-parahyba-sao-jose-dos-campos-768x512.jpg 768w, https:\/\/bluestudioexpress.estadao.com.br\/conteudo\/wp-content\/uploads\/2026\/03\/leilao-terreno-tecelagem-parahyba-sao-jose-dos-campos-710x474.jpg 710w\" sizes=\"auto, (max-width: 1000px) 100vw, 1000px\" \/><p id=\"caption-attachment-12361\" class=\"wp-caption-text\">\u00c1rea hist\u00f3rica em S\u00e3o Jos\u00e9 dos Campos ser\u00e1 leiloada em abril. Foto: Divulga\u00e7\u00e3o\/Sodr\u00e9 Santoro<\/p><\/div>\n<p id=\"block-0df426d0-2b3c-401f-9da1-18662bc757b4\" class=\"block-editor-rich-text__editable block-editor-block-list__block wp-block is-selected wp-block-paragraph rich-text\" role=\"document\" contenteditable=\"true\" aria-multiline=\"true\" aria-readonly=\"false\" aria-label=\"Bloco: Par\u00e1grafo\" data-block=\"0df426d0-2b3c-401f-9da1-18662bc757b4\" data-type=\"core\/paragraph\" data-title=\"Par\u00e1grafo\" data-empty=\"false\" data-wp-block-attribute-key=\"content\">Pertencente a um grupo de empres\u00e1rios h\u00e1 mais de 20 anos, o terreno com 521.085,47m\u00b2 que fica no bairro de Santana, \u00e1rea central de S\u00e3o Jos\u00e9 dos Campos, ser\u00e1 leiloado no dia 17 de abril, sob a condu\u00e7\u00e3o do leiloeiro oficial Moacir De Santi, exclusivamente na modalidade online, no site da <strong><a href=\"https:\/\/leilao.sodresantoro.com.br\/leilao\/28177\/lote\/2725380\/\" target=\"_blank\" rel=\"noreferrer noopener\">Sodr\u00e9 Santoro Leil\u00f5es<\/a><\/strong><strong>.<\/strong><\/p>\n<p id=\"block-a1c10f89-b30c-4332-85c1-5d4d19130094\" class=\"block-editor-rich-text__editable block-editor-block-list__block wp-block wp-block-paragraph rich-text\" role=\"document\" contenteditable=\"true\" aria-multiline=\"true\" aria-readonly=\"false\" aria-label=\"Bloco: Par\u00e1grafo\" data-block=\"a1c10f89-b30c-4332-85c1-5d4d19130094\" data-type=\"core\/paragraph\" data-title=\"Par\u00e1grafo\" data-empty=\"false\" data-wp-block-attribute-key=\"content\">O terreno abriga a fachada de uma Usina de Leite, que integrava a fazenda de Olivo Gomes e a arquibancada de uma pra\u00e7a de esportes da tradicional Tecelagem Parahyba. Esses monumentos, juntamente com outros que integram o Parque da Cidade, que fica ao lado, tiveram seus projetos arquitet\u00f4nicos assinados pelo Escrit\u00f3rio de Arquitetura Rino Levi e paisag\u00edsticos assinados por Roberto Burle Marx. Dada sua reconhecida import\u00e2ncia hist\u00f3rico-cultural, o Complexo da Tecelagem Parahyba foi tombado pelo Instituto do Patrim\u00f4nio Hist\u00f3rico e Art\u00edstico Nacional (Iphan).<\/p>\n<p id=\"block-c12fa566-d166-4d05-9d67-fbdad09e3258\" class=\"block-editor-rich-text__editable block-editor-block-list__block wp-block wp-block-paragraph rich-text\" role=\"document\" contenteditable=\"true\" aria-multiline=\"true\" aria-readonly=\"false\" aria-label=\"Bloco: Par\u00e1grafo\" data-block=\"c12fa566-d166-4d05-9d67-fbdad09e3258\" data-type=\"core\/paragraph\" data-title=\"Par\u00e1grafo\" data-empty=\"false\" data-wp-block-attribute-key=\"content\">Al\u00e9m de seu valor hist\u00f3rico, o terreno com mais de 521 mil metros quadrados est\u00e1 em uma \u00e1rea com elevado potencial econ\u00f4mico em S\u00e3o Jos\u00e9 dos Campos. Atualmente, o espa\u00e7o recebe atividades esportivas e de lazer. E por ter um amplo espa\u00e7o \u00e0 disposi\u00e7\u00e3o, v\u00e1rias atividades poder\u00e3o ser ali executadas, respeitadas as diretrizes municipais e sua \u00e1rea de preserva\u00e7\u00e3o permanente com 82.434,88 m\u00b2.<\/p>\n<h2 id=\"block-36de9bc9-a3c1-4bdc-bb8e-1765cf7d76f8\" class=\"block-editor-rich-text__editable block-editor-block-list__block wp-block wp-block-heading rich-text\" role=\"document\" contenteditable=\"true\" aria-multiline=\"true\" aria-readonly=\"false\" aria-label=\"Bloco: T\u00edtulo\" data-block=\"36de9bc9-a3c1-4bdc-bb8e-1765cf7d76f8\" data-type=\"core\/heading\" data-title=\"T\u00edtulo\" data-wp-block-attribute-key=\"content\"><strong>Detalhes sobre o leil\u00e3o<\/strong><\/h2>\n<p id=\"block-af272db2-6160-40db-94d4-de30a3550412\" class=\"block-editor-rich-text__editable block-editor-block-list__block wp-block wp-block-paragraph rich-text\" role=\"document\" contenteditable=\"true\" aria-multiline=\"true\" aria-readonly=\"false\" aria-label=\"Bloco: Par\u00e1grafo\" data-block=\"af272db2-6160-40db-94d4-de30a3550412\" data-type=\"core\/paragraph\" data-title=\"Par\u00e1grafo\" data-empty=\"false\" data-wp-block-attribute-key=\"content\">O lance inicial no leil\u00e3o \u00e9 de R$ 195.000.000,00. No final do prazo, as ofertas recebidas ser\u00e3o avaliadas pelos vendedores em at\u00e9 48 horas. Ser\u00e3o estudadas propostas inclusive para compra parcial dos im\u00f3veis (fra\u00e7\u00e3o ideal).<\/p>\n<p id=\"block-cdd61099-fee5-4c75-a7b3-83555f49a647\" class=\"block-editor-rich-text__editable block-editor-block-list__block wp-block wp-block-paragraph rich-text\" role=\"document\" contenteditable=\"true\" aria-multiline=\"true\" aria-readonly=\"false\" aria-label=\"Bloco: Par\u00e1grafo\" data-block=\"cdd61099-fee5-4c75-a7b3-83555f49a647\" data-type=\"core\/paragraph\" data-title=\"Par\u00e1grafo\" data-empty=\"false\" data-wp-block-attribute-key=\"content\">Podem participar do leil\u00e3o tanto pessoas f\u00edsicas quanto jur\u00eddicas, respeitando-se as regras definidas no edital. Os interessados precisam fazer um cadastro pr\u00e9vio no site da <a href=\"https:\/\/leilao.sodresantoro.com.br\/leilao\/28177\/lote\/2725380\/\">Sodr\u00e9 Santoro<\/a>. A plataforma possui uma p\u00e1gina especial que re\u00fane todas as informa\u00e7\u00f5es sobre o evento.<\/p>\n<p id=\"block-b5b3ece9-35d0-497f-9c47-3f1dd443b372\" class=\"block-editor-rich-text__editable block-editor-block-list__block wp-block wp-block-paragraph rich-text\" role=\"document\" contenteditable=\"true\" aria-multiline=\"true\" aria-readonly=\"false\" aria-label=\"Bloco: Par\u00e1grafo\" data-block=\"b5b3ece9-35d0-497f-9c47-3f1dd443b372\" data-type=\"core\/paragraph\" data-title=\"Par\u00e1grafo\" data-empty=\"false\" data-wp-block-attribute-key=\"content\">A imagem dispon\u00edvel \u00e9 meramente ilustrativa. Para visitar o local, \u00e9 necess\u00e1rio fazer um agendamento pr\u00e9vio com <strong>Alexandre Marchesano<\/strong>, por meio dos telefones (11) 2464-6443 e <a href=\"https:\/\/wa.me\/5511979671887\" target=\"_blank\" rel=\"noreferrer noopener\">(11) 97967-1887<\/a> ou pelo e-mail <a href=\"mailto:comercial@sodresantoro.com.br\">comercial@sodresantoro.com.br<\/a>.<\/p>\n<p id=\"block-24541379-6bab-4b48-b51d-c214bed8d1ea\" class=\"block-editor-rich-text__editable block-editor-block-list__block wp-block wp-block-paragraph rich-text\" role=\"document\" contenteditable=\"true\" aria-multiline=\"true\" aria-readonly=\"false\" aria-label=\"Bloco: Par\u00e1grafo\" data-block=\"24541379-6bab-4b48-b51d-c214bed8d1ea\" data-type=\"core\/paragraph\" data-title=\"Par\u00e1grafo\" data-empty=\"false\" data-wp-block-attribute-key=\"content\">Conforme descrito no edital, \u201ceventuais d\u00e9bitos pendentes relativos a tributos de IPTU, outros tributos, despesas condominiais, contas de consumo e outros encargos, que incidirem sobre os im\u00f3veis, ser\u00e3o de responsabilidade do vendedor at\u00e9 a data do leil\u00e3o\u201d.<\/p>\n<p id=\"block-b579230a-687f-4d6a-b913-d4252b46c0b3\" class=\"block-editor-rich-text__editable block-editor-block-list__block wp-block wp-block-paragraph rich-text\" role=\"document\" contenteditable=\"true\" aria-multiline=\"true\" aria-readonly=\"false\" aria-label=\"Bloco: Par\u00e1grafo\" data-block=\"b579230a-687f-4d6a-b913-d4252b46c0b3\" data-type=\"core\/paragraph\" data-title=\"Par\u00e1grafo\" data-empty=\"false\" data-wp-block-attribute-key=\"content\">Apesar disso, \u00e9 importante lembrar que o im\u00f3vel est\u00e1 sendo leiloado no estado em que se encontra, tanto em termos f\u00edsicos quanto em termos documentais. Portanto, \u00e9 recomendado fazer um levantamento pr\u00e9vio para se informar de todos os detalhes.<\/p>\n<p id=\"block-6eabe5d7-3767-4b88-b5a9-045ad2c65325\" class=\"block-editor-rich-text__editable block-editor-block-list__block wp-block wp-block-paragraph rich-text\" role=\"document\" contenteditable=\"true\" aria-multiline=\"true\" aria-readonly=\"false\" aria-label=\"Bloco: Par\u00e1grafo\" data-block=\"6eabe5d7-3767-4b88-b5a9-045ad2c65325\" data-type=\"core\/paragraph\" data-title=\"Par\u00e1grafo\" data-empty=\"false\" data-wp-block-attribute-key=\"content\">Ser\u00e1 declarado vencedor aquele que apresentar o maior lance, respeitando o valor m\u00ednimo previsto em edital para o im\u00f3vel. O pagamento ser\u00e1 feito por meio de transfer\u00eancia banc\u00e1ria. O vencedor ter\u00e1 de quitar tamb\u00e9m a comiss\u00e3o de 5% do leiloeiro em at\u00e9 24 horas ap\u00f3s a aprova\u00e7\u00e3o da venda.<\/p>\n<h2 id=\"block-06a2edb3-2047-473a-b7a2-e368daec0cf6\" class=\"block-editor-rich-text__editable block-editor-block-list__block wp-block wp-block-heading rich-text\" role=\"document\" contenteditable=\"true\" aria-multiline=\"true\" aria-readonly=\"false\" aria-label=\"Bloco: T\u00edtulo\" data-block=\"06a2edb3-2047-473a-b7a2-e368daec0cf6\" data-type=\"core\/heading\" data-title=\"T\u00edtulo\" data-wp-block-attribute-key=\"content\"><strong data-rich-text-format-boundary=\"true\">Sobre a Sodr\u00e9 Santoro<\/strong><\/h2>\n<p id=\"block-3ed432b0-14bb-4a94-9038-4363f536dab4\" class=\"block-editor-rich-text__editable block-editor-block-list__block wp-block wp-block-paragraph rich-text\" role=\"document\" contenteditable=\"true\" aria-multiline=\"true\" aria-readonly=\"false\" aria-label=\"Bloco: Par\u00e1grafo\" data-block=\"3ed432b0-14bb-4a94-9038-4363f536dab4\" data-type=\"core\/paragraph\" data-title=\"Par\u00e1grafo\" data-empty=\"false\" data-wp-block-attribute-key=\"content\">Uma das maiores refer\u00eancias no Brasil no mercado de leil\u00f5es judiciais e extrajudiciais, a organiza\u00e7\u00e3o foi fundada em 1979 pelos irm\u00e3os <strong>Luiz Fernando<\/strong> e <strong>Jos\u00e9 Eduardo de Abreu Sodr\u00e9 Santoro<\/strong>.<\/p>\n<p id=\"block-fa0f1963-8784-4ee8-a2c5-c7828c28f142\" class=\"block-editor-rich-text__editable block-editor-block-list__block wp-block wp-block-paragraph rich-text\" role=\"document\" contenteditable=\"true\" aria-multiline=\"true\" aria-readonly=\"false\" aria-label=\"Bloco: Par\u00e1grafo\" data-block=\"fa0f1963-8784-4ee8-a2c5-c7828c28f142\" data-type=\"core\/paragraph\" data-title=\"Par\u00e1grafo\" data-empty=\"false\" data-wp-block-attribute-key=\"content\">Em quase cinco d\u00e9cadas de hist\u00f3ria, a <strong>Sodr\u00e9 Santoro<\/strong> ficou conhecida pela seriedade e qualidade do trabalho, sempre priorizando a boa experi\u00eancia dos participantes, garantindo seguran\u00e7a, transpar\u00eancia e efici\u00eancia tanto em leil\u00f5es presenciais quanto online.<\/p>\n<p id=\"block-f609086e-fdc8-402f-a8dd-5286e6a30ac4\" class=\"block-editor-rich-text__editable block-editor-block-list__block wp-block wp-block-paragraph rich-text\" role=\"document\" contenteditable=\"true\" aria-multiline=\"true\" aria-readonly=\"false\" aria-label=\"Bloco: Par\u00e1grafo\" data-block=\"f609086e-fdc8-402f-a8dd-5286e6a30ac4\" data-type=\"core\/paragraph\" data-title=\"Par\u00e1grafo\" data-empty=\"false\" data-wp-block-attribute-key=\"content\">O trabalho de excel\u00eancia \u00e9 fruto de investimentos significativos e constantes em inova\u00e7\u00e3o e infraestrutura, assim como na forma\u00e7\u00e3o de uma equipe de profissionais altamente qualificados.<\/p>\n<p id=\"block-69bb7472-2ee4-4f08-a408-02cd9c452151\" class=\"block-editor-rich-text__editable block-editor-block-list__block wp-block wp-block-paragraph rich-text\" role=\"document\" contenteditable=\"true\" aria-multiline=\"true\" aria-readonly=\"false\" aria-label=\"Bloco: Par\u00e1grafo\" data-block=\"69bb7472-2ee4-4f08-a408-02cd9c452151\" data-type=\"core\/paragraph\" data-title=\"Par\u00e1grafo\" data-empty=\"false\" data-wp-block-attribute-key=\"content\">Para mais informa\u00e7\u00f5es, acesse o site <a href=\"https:\/\/leilao.sodresantoro.com.br\/leilao\/28177\/lote\/2725380\/\">www.sodresantoro.com.br<\/a> e confira os perfis da <strong>Sodr\u00e9 Santoro<\/strong> no Facebook (<a href=\"https:\/\/www.facebook.com\/sodresantoro\" target=\"_blank\" rel=\"noreferrer noopener\">\/sodresantoro<\/a>), no Instagram (<a href=\"https:\/\/www.instagram.com\/sodresantoro\" target=\"_blank\" rel=\"noreferrer noopener\">@sodresantoro<\/a>) e no YouTube (<a href=\"https:\/\/www.youtube.com\/channel\/UCPBDHbmgjJ3F_Ab2I0tltHQ\" target=\"_blank\" rel=\"noreferrer noopener\">\/leilaosodresantoro<\/a>).<\/p>\n<p id=\"block-06349fe4-62b7-4aea-a720-ef597420bec9\" class=\"block-editor-rich-text__editable block-editor-block-list__block wp-block wp-block-paragraph rich-text\" role=\"document\" contenteditable=\"true\" aria-multiline=\"true\" aria-readonly=\"false\" aria-label=\"Bloco: Par\u00e1grafo\" data-block=\"06349fe4-62b7-4aea-a720-ef597420bec9\" data-type=\"core\/paragraph\" data-title=\"Par\u00e1grafo\" data-empty=\"false\" data-wp-block-attribute-key=\"content\">Em caso de d\u00favidas, \u00e9 poss\u00edvel entrar em contato diretamente com uma equipe especializada da <strong>Sodr\u00e9 Santoro<\/strong> por meio do telefone (11) 2464-6464 ou pelo WhatsApp <a href=\"https:\/\/wa.me\/5511977771244\" target=\"_blank\" rel=\"noreferrer noopener\">(11) 97777-1244<\/a>.<\/p>\n","protected":false},"excerpt":{"rendered":"<p>Terreno em S\u00e3o Jos\u00e9 dos Campos com mais de 521 mil metros quadrados abriga em uma parte estruturas que pertenceram a tradicional tecelagem Parahyba. Pertencente a um grupo de empres\u00e1rios h\u00e1 mais de 20 anos, o terreno com 521.085,47m\u00b2 que fica no bairro de Santana, \u00e1rea central de S\u00e3o Jos\u00e9 dos Campos, ser\u00e1 leiloado no [&hellip;]<\/p>\n","protected":false},"author":2,"featured_media":12361,"comment_status":"open","ping_status":"closed","sticky":false,"template":"","format":"standard","meta":{"_acf_changed":false,"footnotes":""},"categories":[166],"tags":[203],"class_list":["post-12360","post","type-post","status-publish","format-standard","has-post-thumbnail","hentry","category-leilao","tag-sodre-santoro"],"acf":[],"yoast_head":"<!-- This site is optimized with the Yoast SEO plugin v24.1 - https:\/\/yoast.com\/wordpress\/plugins\/seo\/ -->\n<title>Leil\u00e3o de terreno hist\u00f3rico em S\u00e3o Jos\u00e9 dos Campos<\/title>\n<meta name=\"description\" content=\"Terreno hist\u00f3rico de 521 mil m\u00b2 em S\u00e3o Jos\u00e9 dos Campos ser\u00e1 leiloado. \u00c1rea abriga estruturas da antiga Tecelagem Parahyba e tem alto potencial econ\u00f4mico.\" \/>\n<meta name=\"robots\" content=\"index, follow, max-snippet:-1, max-image-preview:large, max-video-preview:-1\" \/>\n<link rel=\"canonical\" href=\"https:\/\/bluestudioexpress.estadao.com.br\/conteudo\/2026\/03\/04\/leilao-terreno-historico-sao-jose-dos-campos\/\" \/>\n<meta property=\"og:locale\" content=\"pt_BR\" \/>\n<meta property=\"og:type\" content=\"article\" \/>\n<meta property=\"og:title\" content=\"Leil\u00e3o de terreno hist\u00f3rico em S\u00e3o Jos\u00e9 dos Campos\" \/>\n<meta property=\"og:description\" content=\"Terreno hist\u00f3rico de 521 mil m\u00b2 em S\u00e3o Jos\u00e9 dos Campos ser\u00e1 leiloado. \u00c1rea abriga estruturas da antiga Tecelagem Parahyba e tem alto potencial econ\u00f4mico.\" \/>\n<meta property=\"og:url\" content=\"https:\/\/bluestudioexpress.estadao.com.br\/conteudo\/2026\/03\/04\/leilao-terreno-historico-sao-jose-dos-campos\/\" \/>\n<meta property=\"og:site_name\" content=\"Blue Studio Express\" \/>\n<meta property=\"article:published_time\" content=\"2026-03-04T15:17:47+00:00\" \/>\n<meta property=\"og:image\" content=\"https:\/\/bluestudioexpress.estadao.com.br\/conteudo\/wp-content\/uploads\/2026\/03\/leilao-terreno-tecelagem-parahyba-sao-jose-dos-campos.jpg\" \/>\n\t<meta property=\"og:image:width\" content=\"1000\" \/>\n\t<meta property=\"og:image:height\" content=\"667\" \/>\n\t<meta property=\"og:image:type\" content=\"image\/jpeg\" \/>\n<meta name=\"author\" content=\"Estad\u00e3o Blue Studio Express\" \/>\n<meta name=\"twitter:card\" content=\"summary_large_image\" \/>\n<meta name=\"twitter:label1\" content=\"Escrito por\" \/>\n\t<meta name=\"twitter:data1\" content=\"Estad\u00e3o Blue Studio Express\" \/>\n\t<meta name=\"twitter:label2\" content=\"Est. tempo de leitura\" \/>\n\t<meta name=\"twitter:data2\" content=\"4 minutos\" \/>\n<script type=\"application\/ld+json\" class=\"yoast-schema-graph\">{\"@context\":\"https:\/\/schema.org\",\"@graph\":[{\"@type\":\"WebPage\",\"@id\":\"https:\/\/bluestudioexpress.estadao.com.br\/conteudo\/2026\/03\/04\/leilao-terreno-historico-sao-jose-dos-campos\/\",\"url\":\"https:\/\/bluestudioexpress.estadao.com.br\/conteudo\/2026\/03\/04\/leilao-terreno-historico-sao-jose-dos-campos\/\",\"name\":\"Leil\u00e3o de terreno hist\u00f3rico em S\u00e3o Jos\u00e9 dos Campos\",\"isPartOf\":{\"@id\":\"https:\/\/bluestudioexpress.estadao.com.br\/conteudo\/#website\"},\"primaryImageOfPage\":{\"@id\":\"https:\/\/bluestudioexpress.estadao.com.br\/conteudo\/2026\/03\/04\/leilao-terreno-historico-sao-jose-dos-campos\/#primaryimage\"},\"image\":{\"@id\":\"https:\/\/bluestudioexpress.estadao.com.br\/conteudo\/2026\/03\/04\/leilao-terreno-historico-sao-jose-dos-campos\/#primaryimage\"},\"thumbnailUrl\":\"https:\/\/bluestudioexpress.estadao.com.br\/conteudo\/wp-content\/uploads\/2026\/03\/leilao-terreno-tecelagem-parahyba-sao-jose-dos-campos.jpg\",\"datePublished\":\"2026-03-04T15:17:47+00:00\",\"dateModified\":\"2026-03-04T15:17:47+00:00\",\"author\":{\"@id\":\"https:\/\/bluestudioexpress.estadao.com.br\/conteudo\/#\/schema\/person\/e888cfeb94765eff6bbe1423284ec3dd\"},\"description\":\"Terreno hist\u00f3rico de 521 mil m\u00b2 em S\u00e3o Jos\u00e9 dos Campos ser\u00e1 leiloado. \u00c1rea abriga estruturas da antiga Tecelagem Parahyba e tem alto potencial econ\u00f4mico.\",\"breadcrumb\":{\"@id\":\"https:\/\/bluestudioexpress.estadao.com.br\/conteudo\/2026\/03\/04\/leilao-terreno-historico-sao-jose-dos-campos\/#breadcrumb\"},\"inLanguage\":\"pt-BR\",\"potentialAction\":[{\"@type\":\"ReadAction\",\"target\":[\"https:\/\/bluestudioexpress.estadao.com.br\/conteudo\/2026\/03\/04\/leilao-terreno-historico-sao-jose-dos-campos\/\"]}]},{\"@type\":\"ImageObject\",\"inLanguage\":\"pt-BR\",\"@id\":\"https:\/\/bluestudioexpress.estadao.com.br\/conteudo\/2026\/03\/04\/leilao-terreno-historico-sao-jose-dos-campos\/#primaryimage\",\"url\":\"https:\/\/bluestudioexpress.estadao.com.br\/conteudo\/wp-content\/uploads\/2026\/03\/leilao-terreno-tecelagem-parahyba-sao-jose-dos-campos.jpg\",\"contentUrl\":\"https:\/\/bluestudioexpress.estadao.com.br\/conteudo\/wp-content\/uploads\/2026\/03\/leilao-terreno-tecelagem-parahyba-sao-jose-dos-campos.jpg\",\"width\":1000,\"height\":667,\"caption\":\"\u00c1rea hist\u00f3rica em S\u00e3o Jos\u00e9 dos Campos ser\u00e1 leiloada em abril. Foto: Divulga\u00e7\u00e3o\/Sodr\u00e9 Santoro\"},{\"@type\":\"BreadcrumbList\",\"@id\":\"https:\/\/bluestudioexpress.estadao.com.br\/conteudo\/2026\/03\/04\/leilao-terreno-historico-sao-jose-dos-campos\/#breadcrumb\",\"itemListElement\":[{\"@type\":\"ListItem\",\"position\":1,\"name\":\"In\u00edcio\",\"item\":\"https:\/\/bluestudioexpress.estadao.com.br\/conteudo\/\"},{\"@type\":\"ListItem\",\"position\":2,\"name\":\"Leil\u00e3o de \u00e1rea hist\u00f3rica traz boa oportunidade no interior de S\u00e3o Paulo\"}]},{\"@type\":\"WebSite\",\"@id\":\"https:\/\/bluestudioexpress.estadao.com.br\/conteudo\/#website\",\"url\":\"https:\/\/bluestudioexpress.estadao.com.br\/conteudo\/\",\"name\":\"Blue Studio Express\",\"description\":\"Conte\u00fado relevante produzido por quem entende do assunto\",\"potentialAction\":[{\"@type\":\"SearchAction\",\"target\":{\"@type\":\"EntryPoint\",\"urlTemplate\":\"https:\/\/bluestudioexpress.estadao.com.br\/conteudo\/?s={search_term_string}\"},\"query-input\":{\"@type\":\"PropertyValueSpecification\",\"valueRequired\":true,\"valueName\":\"search_term_string\"}}],\"inLanguage\":\"pt-BR\"},{\"@type\":\"Person\",\"@id\":\"https:\/\/bluestudioexpress.estadao.com.br\/conteudo\/#\/schema\/person\/e888cfeb94765eff6bbe1423284ec3dd\",\"name\":\"Estad\u00e3o Blue Studio Express\",\"image\":{\"@type\":\"ImageObject\",\"inLanguage\":\"pt-BR\",\"@id\":\"https:\/\/bluestudioexpress.estadao.com.br\/conteudo\/#\/schema\/person\/image\/\",\"url\":\"https:\/\/secure.gravatar.com\/avatar\/cd87511c7b1074a7f77c8aa2cb8d1202f4693f0118c6f34755d74174bd200384?s=96&d=mm&r=g\",\"contentUrl\":\"https:\/\/secure.gravatar.com\/avatar\/cd87511c7b1074a7f77c8aa2cb8d1202f4693f0118c6f34755d74174bd200384?s=96&d=mm&r=g\",\"caption\":\"Estad\u00e3o Blue Studio Express\"},\"url\":\"https:\/\/bluestudioexpress.estadao.com.br\/conteudo\/author\/julio\/\"}]}<\/script>\n<!-- \/ Yoast SEO plugin. -->","yoast_head_json":{"title":"Leil\u00e3o de terreno hist\u00f3rico em S\u00e3o Jos\u00e9 dos Campos","description":"Terreno hist\u00f3rico de 521 mil m\u00b2 em S\u00e3o Jos\u00e9 dos Campos ser\u00e1 leiloado. \u00c1rea abriga estruturas da antiga Tecelagem Parahyba e tem alto potencial econ\u00f4mico.","robots":{"index":"index","follow":"follow","max-snippet":"max-snippet:-1","max-image-preview":"max-image-preview:large","max-video-preview":"max-video-preview:-1"},"canonical":"https:\/\/bluestudioexpress.estadao.com.br\/conteudo\/2026\/03\/04\/leilao-terreno-historico-sao-jose-dos-campos\/","og_locale":"pt_BR","og_type":"article","og_title":"Leil\u00e3o de terreno hist\u00f3rico em S\u00e3o Jos\u00e9 dos Campos","og_description":"Terreno hist\u00f3rico de 521 mil m\u00b2 em S\u00e3o Jos\u00e9 dos Campos ser\u00e1 leiloado. \u00c1rea abriga estruturas da antiga Tecelagem Parahyba e tem alto potencial econ\u00f4mico.","og_url":"https:\/\/bluestudioexpress.estadao.com.br\/conteudo\/2026\/03\/04\/leilao-terreno-historico-sao-jose-dos-campos\/","og_site_name":"Blue Studio Express","article_published_time":"2026-03-04T15:17:47+00:00","og_image":[{"width":1000,"height":667,"url":"https:\/\/bluestudioexpress.estadao.com.br\/conteudo\/wp-content\/uploads\/2026\/03\/leilao-terreno-tecelagem-parahyba-sao-jose-dos-campos.jpg","type":"image\/jpeg"}],"author":"Estad\u00e3o Blue Studio Express","twitter_card":"summary_large_image","twitter_misc":{"Escrito por":"Estad\u00e3o Blue Studio Express","Est. tempo de leitura":"4 minutos"},"schema":{"@context":"https:\/\/schema.org","@graph":[{"@type":"WebPage","@id":"https:\/\/bluestudioexpress.estadao.com.br\/conteudo\/2026\/03\/04\/leilao-terreno-historico-sao-jose-dos-campos\/","url":"https:\/\/bluestudioexpress.estadao.com.br\/conteudo\/2026\/03\/04\/leilao-terreno-historico-sao-jose-dos-campos\/","name":"Leil\u00e3o de terreno hist\u00f3rico em S\u00e3o Jos\u00e9 dos Campos","isPartOf":{"@id":"https:\/\/bluestudioexpress.estadao.com.br\/conteudo\/#website"},"primaryImageOfPage":{"@id":"https:\/\/bluestudioexpress.estadao.com.br\/conteudo\/2026\/03\/04\/leilao-terreno-historico-sao-jose-dos-campos\/#primaryimage"},"image":{"@id":"https:\/\/bluestudioexpress.estadao.com.br\/conteudo\/2026\/03\/04\/leilao-terreno-historico-sao-jose-dos-campos\/#primaryimage"},"thumbnailUrl":"https:\/\/bluestudioexpress.estadao.com.br\/conteudo\/wp-content\/uploads\/2026\/03\/leilao-terreno-tecelagem-parahyba-sao-jose-dos-campos.jpg","datePublished":"2026-03-04T15:17:47+00:00","dateModified":"2026-03-04T15:17:47+00:00","author":{"@id":"https:\/\/bluestudioexpress.estadao.com.br\/conteudo\/#\/schema\/person\/e888cfeb94765eff6bbe1423284ec3dd"},"description":"Terreno hist\u00f3rico de 521 mil m\u00b2 em S\u00e3o Jos\u00e9 dos Campos ser\u00e1 leiloado. \u00c1rea abriga estruturas da antiga Tecelagem Parahyba e tem alto potencial econ\u00f4mico.","breadcrumb":{"@id":"https:\/\/bluestudioexpress.estadao.com.br\/conteudo\/2026\/03\/04\/leilao-terreno-historico-sao-jose-dos-campos\/#breadcrumb"},"inLanguage":"pt-BR","potentialAction":[{"@type":"ReadAction","target":["https:\/\/bluestudioexpress.estadao.com.br\/conteudo\/2026\/03\/04\/leilao-terreno-historico-sao-jose-dos-campos\/"]}]},{"@type":"ImageObject","inLanguage":"pt-BR","@id":"https:\/\/bluestudioexpress.estadao.com.br\/conteudo\/2026\/03\/04\/leilao-terreno-historico-sao-jose-dos-campos\/#primaryimage","url":"https:\/\/bluestudioexpress.estadao.com.br\/conteudo\/wp-content\/uploads\/2026\/03\/leilao-terreno-tecelagem-parahyba-sao-jose-dos-campos.jpg","contentUrl":"https:\/\/bluestudioexpress.estadao.com.br\/conteudo\/wp-content\/uploads\/2026\/03\/leilao-terreno-tecelagem-parahyba-sao-jose-dos-campos.jpg","width":1000,"height":667,"caption":"\u00c1rea hist\u00f3rica em S\u00e3o Jos\u00e9 dos Campos ser\u00e1 leiloada em abril. Foto: Divulga\u00e7\u00e3o\/Sodr\u00e9 Santoro"},{"@type":"BreadcrumbList","@id":"https:\/\/bluestudioexpress.estadao.com.br\/conteudo\/2026\/03\/04\/leilao-terreno-historico-sao-jose-dos-campos\/#breadcrumb","itemListElement":[{"@type":"ListItem","position":1,"name":"In\u00edcio","item":"https:\/\/bluestudioexpress.estadao.com.br\/conteudo\/"},{"@type":"ListItem","position":2,"name":"Leil\u00e3o de \u00e1rea hist\u00f3rica traz boa oportunidade no interior de S\u00e3o Paulo"}]},{"@type":"WebSite","@id":"https:\/\/bluestudioexpress.estadao.com.br\/conteudo\/#website","url":"https:\/\/bluestudioexpress.estadao.com.br\/conteudo\/","name":"Blue Studio Express","description":"Conte\u00fado relevante produzido por quem entende do assunto","potentialAction":[{"@type":"SearchAction","target":{"@type":"EntryPoint","urlTemplate":"https:\/\/bluestudioexpress.estadao.com.br\/conteudo\/?s={search_term_string}"},"query-input":{"@type":"PropertyValueSpecification","valueRequired":true,"valueName":"search_term_string"}}],"inLanguage":"pt-BR"},{"@type":"Person","@id":"https:\/\/bluestudioexpress.estadao.com.br\/conteudo\/#\/schema\/person\/e888cfeb94765eff6bbe1423284ec3dd","name":"Estad\u00e3o Blue Studio Express","image":{"@type":"ImageObject","inLanguage":"pt-BR","@id":"https:\/\/bluestudioexpress.estadao.com.br\/conteudo\/#\/schema\/person\/image\/","url":"https:\/\/secure.gravatar.com\/avatar\/cd87511c7b1074a7f77c8aa2cb8d1202f4693f0118c6f34755d74174bd200384?s=96&d=mm&r=g","contentUrl":"https:\/\/secure.gravatar.com\/avatar\/cd87511c7b1074a7f77c8aa2cb8d1202f4693f0118c6f34755d74174bd200384?s=96&d=mm&r=g","caption":"Estad\u00e3o Blue Studio Express"},"url":"https:\/\/bluestudioexpress.estadao.com.br\/conteudo\/author\/julio\/"}]}},"_links":{"self":[{"href":"https:\/\/bluestudioexpress.estadao.com.br\/conteudo\/wp-json\/wp\/v2\/posts\/12360","targetHints":{"allow":["GET"]}}],"collection":[{"href":"https:\/\/bluestudioexpress.estadao.com.br\/conteudo\/wp-json\/wp\/v2\/posts"}],"about":[{"href":"https:\/\/bluestudioexpress.estadao.com.br\/conteudo\/wp-json\/wp\/v2\/types\/post"}],"author":[{"embeddable":true,"href":"https:\/\/bluestudioexpress.estadao.com.br\/conteudo\/wp-json\/wp\/v2\/users\/2"}],"replies":[{"embeddable":true,"href":"https:\/\/bluestudioexpress.estadao.com.br\/conteudo\/wp-json\/wp\/v2\/comments?post=12360"}],"version-history":[{"count":1,"href":"https:\/\/bluestudioexpress.estadao.com.br\/conteudo\/wp-json\/wp\/v2\/posts\/12360\/revisions"}],"predecessor-version":[{"id":12362,"href":"https:\/\/bluestudioexpress.estadao.com.br\/conteudo\/wp-json\/wp\/v2\/posts\/12360\/revisions\/12362"}],"wp:featuredmedia":[{"embeddable":true,"href":"https:\/\/bluestudioexpress.estadao.com.br\/conteudo\/wp-json\/wp\/v2\/media\/12361"}],"wp:attachment":[{"href":"https:\/\/bluestudioexpress.estadao.com.br\/conteudo\/wp-json\/wp\/v2\/media?parent=12360"}],"wp:term":[{"taxonomy":"category","embeddable":true,"href":"https:\/\/bluestudioexpress.estadao.com.br\/conteudo\/wp-json\/wp\/v2\/categories?post=12360"},{"taxonomy":"post_tag","embeddable":true,"href":"https:\/\/bluestudioexpress.estadao.com.br\/conteudo\/wp-json\/wp\/v2\/tags?post=12360"}],"curies":[{"name":"wp","href":"https:\/\/api.w.org\/{rel}","templated":true}]}}